{"id":1434,"date":"2026-05-02T21:26:56","date_gmt":"2026-05-03T03:26:56","guid":{"rendered":"https:\/\/avilavera.com\/?p=1434"},"modified":"2026-05-02T22:04:27","modified_gmt":"2026-05-03T04:04:27","slug":"modificacion-lft-registro-electronico-jornada-laboral-01-mayo-2026","status":"publish","type":"post","link":"https:\/\/avilavera.com\/index.php\/2026\/05\/02\/modificacion-lft-registro-electronico-jornada-laboral-01-mayo-2026\/","title":{"rendered":"Modificacion LFT Registro Electronico Jornada Laboral 01 Mayo 2026"},"content":{"rendered":"<p>[et_pb_section fb_built=\u00bb1&#8243; theme_builder_area=\u00bbpost_content\u00bb _builder_version=\u00bb4.27.4&#8243; _module_preset=\u00bbdefault\u00bb][et_pb_row _builder_version=\u00bb4.27.4&#8243; _module_preset=\u00bbdefault\u00bb theme_builder_area=\u00bbpost_content\u00bb][et_pb_column _builder_version=\u00bb4.27.4&#8243; _module_preset=\u00bbdefault\u00bb type=\u00bb4_4&#8243; theme_builder_area=\u00bbpost_content\u00bb][et_pb_text _builder_version=\u00bb4.27.4&#8243; _module_preset=\u00bbdefault\u00bb theme_builder_area=\u00bbpost_content\u00bb hover_enabled=\u00bb0&#8243; sticky_enabled=\u00bb0&#8243; text_font=\u00bbArial||||||||\u00bb text_font_size=\u00bb20px\u00bb text_line_height=\u00bb1.8em\u00bb]<\/p>\n<p style=\"text-align: justify;\">Viernes 1 de mayo de 2026\u00a0\u00a0\u00a0\u00a0\u00a0\u00a0\u00a0\u00a0\u00a0\u00a0\u00a0\u00a0\u00a0\u00a0\u00a0\u00a0\u00a0\u00a0\u00a0\u00a0\u00a0\u00a0\u00a0\u00a0\u00a0\u00a0\u00a0\u00a0\u00a0\u00a0\u00a0\u00a0\u00a0 DIARIO OFICIAL\u00a0\u00a0\u00a0\u00a0\u00a0\u00a0\u00a0\u00a0\u00a0\u00a0\u00a0\u00a0\u00a0\u00a0\u00a0\u00a0\u00a0\u00a0\u00a0\u00a0\u00a0\u00a0\u00a0\u00a0\u00a0\u00a0\u00a0\u00a0\u00a0\u00a0\u00a0\u00a0\u00a0\u00a0\u00a0\u00a0\u00a0\u00a0\u00a0\u00a0\u00a0\u00a0 (Edici\u00f3n Vespertina)<\/p>\n<p style=\"text-align: justify;\">DECRETO por el que se reforman, adicionan y derogan diversas disposiciones de la Ley Federal del Trabajo, en materia de reducci\u00f3n de la jornada laboral.<\/p>\n<p style=\"text-align: justify;\"><span>DECRETO<\/span><\/p>\n<p style=\"text-align: justify;\"><strong><span>\u00ab<\/span><\/strong>EL CONGRESO GENERAL DE LOS ESTADOS UNIDOS MEXICANOS, D E C R E T A :<\/p>\n<p style=\"text-align: justify;\"><strong>SE REFORMAN, ADICIONAN Y DEROGAN DIVERSAS DISPOSICIONES DE LA LEY FEDERAL DEL TRABAJO, EN MATERIA DE REDUCCI\u00d3N DE LA JORNADA LABORAL.<\/strong><\/p>\n<p style=\"text-align: justify;\"><strong>Art\u00edculo \u00danico.- <\/strong>Se <strong>reforman <\/strong>los art\u00edculos 59; 61; 66; 68; 69 y 71, segundo p\u00e1rrafo; se <strong>adicionan<\/strong> un segundo p\u00e1rrafo al art\u00edculo 58; y la fracci\u00f3n XXXIV al art\u00edculo 132 y la fracci\u00f3n IV Bis al art\u00edculo 994; y se <strong>deroga<\/strong> el segundo p\u00e1rrafo del art\u00edculo 67, de la Ley Federal del Trabajo, para quedar como sigue:<\/p>\n<p style=\"text-align: justify;\"><strong><span>Art\u00edculo 58.- &#8230; <\/span>(Original) <span style=\"color: #0000ff;\">Jornada de trabajo<\/span> es el tiempo durante el cual el trabajador est\u00e1 a disposici\u00f3n del patr\u00f3n para prestar su trabajo.<\/strong><\/p>\n<p style=\"text-align: justify;\">(Agregado) <span style=\"color: #0000ff;\"><strong>Esta podr\u00e1 ser distribuida de com\u00fan acuerdo<\/strong><\/span> <span style=\"color: #ff00ff;\"><strong>por las personas empleadoras y trabajadoras.<\/strong><\/span><\/p>\n<p style=\"text-align: justify;\"><strong>Art\u00edculo 59.- <\/strong>(Modificado) <span style=\"color: #800080;\"><strong>La duraci\u00f3n m\u00e1xima<\/strong><\/span> <span style=\"color: #0000ff;\"><strong>de la jornada ordinaria de trabajo<\/strong><\/span> <span style=\"color: #ff00ff;\"><strong>ser\u00e1 de cuarenta horas semanales.<\/strong><\/span><\/p>\n<p style=\"text-align: justify;\">(Eliminado) El <u>trabajador<\/u> y el patr\u00f3n fijar\u00e1n la duraci\u00f3n de la jornada de trabajo, sin que pueda exceder los m\u00e1ximos legales.<\/p>\n<p style=\"text-align: justify;\">(Eliminado) Los trabajadores y el patr\u00f3n podr\u00e1n repartir las horas de trabajo, a fin de permitir a los primeros el reposo del s\u00e1bado en la tarde o cualquier modalidad equivalente.<\/p>\n<p style=\"text-align: justify;\"><strong>\u00a0<\/strong><\/p>\n<p style=\"text-align: justify;\"><strong>Art\u00edculo 61.- <\/strong>(Modificado) <span style=\"color: #0000ff;\"><strong>La duraci\u00f3n de la jornada diaria<\/strong><\/span> <strong><span style=\"color: #333300;\">ser\u00e1 de ocho horas la diurna,<\/span> <span style=\"color: #993300;\">siete la nocturna<\/span> <span style=\"color: #339966;\">y siete horas y media la mixta.<\/span><\/strong><\/p>\n<p style=\"text-align: justify;\">(Antes) La duraci\u00f3n m\u00e1xima de la jornada ser\u00e1: ocho horas la diurna, siete la nocturna y siete horas y media la mixta.<\/p>\n<p style=\"text-align: justify;\"><strong>Art\u00edculo 66.-<\/strong> (Modificado) <span style=\"color: #0000ff;\"><strong>La jornada de trabajo<\/strong><\/span> <strong>podr\u00e1 prolongarse por circunstancias extraordinarias<\/strong>.<\/p>\n<p style=\"text-align: justify;\">(Modificado) En estos casos, <span style=\"color: #800080;\"><strong>se abonar\u00e1 como salario por este tiempo un cien por ciento m\u00e1s<\/strong><\/span> <span style=\"color: #333300;\"><strong>de lo fijado para las horas ordinarias.<\/strong><\/span> <span style=\"color: #ff6600;\"><strong>El trabajo extraordinario<\/strong><\/span> <span style=\"color: #008000;\"><strong>no exceder\u00e1 de doce horas en una semana,<\/strong><\/span> <span style=\"color: #800000;\"><strong>las cuales podr\u00e1n distribuirse en hasta cuatro horas diarias,<\/strong><\/span> <span style=\"color: #ff00ff;\"><strong>en un m\u00e1ximo de cuatro d\u00edas en ese periodo.<\/strong><\/span><\/p>\n<p style=\"text-align: justify;\">(Antes) Podr\u00e1 tambi\u00e9n prolongarse la jornada de trabajo por circunstancias extraordinarias, sin exceder nunca de tres horas diarias ni de tres veces en una semana.<\/p>\n<p style=\"text-align: justify;\"><strong>Art\u00edculo 67.- &#8230; <\/strong>(Original) <span style=\"color: #333300;\"><strong>Las horas de trabajo a que se refiere el art\u00edculo 65<\/strong><\/span>, <span style=\"color: #800080;\"><strong>se retribuir\u00e1n con una cantidad igual<\/strong><\/span> a la que corresponda <span style=\"color: #ff6600;\"><strong>a cada una de las horas de la jornada.<\/strong><\/span><\/p>\n<p style=\"text-align: justify;\">Se deroga.<\/p>\n<p style=\"text-align: justify;\">(Antes) Las horas de trabajo extraordinario se pagar\u00e1n con un ciento por ciento m\u00e1s del salario que corresponda a las horas de la jornada.<\/p>\n<p style=\"text-align: justify;\"><strong>Art\u00edculo 65.- (De referencia)<\/strong> <span style=\"color: #008000;\"><strong>En los casos de siniestro o riesgo inminente en que peligre la vida del trabajador<\/strong><\/span>, de sus compa\u00f1eros o del patr\u00f3n, o la existencia misma de la empresa, la jornada de trabajo podr\u00e1 prolongarse por el tiempo estrictamente indispensable para evitar esos males.<\/p>\n<p style=\"text-align: justify;\"><strong>Art\u00edculo 68.-<\/strong> (Modificado) <span style=\"color: #003300;\"><strong>Las personas trabajadoras<\/strong><\/span> <span style=\"color: #ff0000;\"><strong>no est\u00e1n obligadas<\/strong><\/span> <span style=\"color: #ff00ff;\"><strong>a prestar sus servicios por un tiempo mayor del permitido en este cap\u00edtulo.<\/strong><\/span><\/p>\n<p style=\"text-align: justify;\">(Modificado) La prolongaci\u00f3n del tiempo extraordinario que supere lo establecido en el art\u00edculo 66 de esta Ley, no podr\u00e1 ser mayor de cuatro horas a la semana y obliga a la persona empleadora a pagar un doscientos por ciento m\u00e1s del salario que corresponda a las horas de la jornada ordinaria.<\/p>\n<p style=\"text-align: justify;\">(Modificado) La suma de las jornadas ordinaria y extraordinaria, en ning\u00fan caso podr\u00e1 ser mayor a doce horas diarias.<\/p>\n<p style=\"text-align: justify;\">(Antes) Los trabajadores no est\u00e1n obligados a prestar sus servicios por un tiempo mayor del permitido de este cap\u00edtulo.<\/p>\n<p style=\"text-align: justify;\">(Antes) La prolongaci\u00f3n del tiempo extraordinario que exceda de nueve horas a la semana, obliga al patr\u00f3n a pagar al trabajador el tiempo excedente con un doscientos por ciento m\u00e1s del salario que corresponda a las horas de la jornada, sin perjuicio de las sanciones establecidas en esta Ley.<\/p>\n<p style=\"text-align: justify;\"><strong>Art\u00edculo 69.- <\/strong>(Modificado) Por cada seis d\u00edas de trabajo se deber\u00e1 otorgar, por lo menos, un d\u00eda de descanso con goce de salario \u00edntegro.<\/p>\n<p style=\"text-align: justify;\">(Antes) Por cada seis d\u00edas de trabajo disfrutar\u00e1 el trabajador de un d\u00eda de descanso, por lo menos, con goce de salario \u00edntegro.<\/p>\n<p style=\"text-align: justify;\"><strong>Art\u00edculo 71.- &#8230; <\/strong>(Original) En los reglamentos de esta Ley se procurar\u00e1 que el d\u00eda de descanso semanal sea el domingo.<\/p>\n<p style=\"text-align: justify;\">(Modificado) Las personas que laboren en domingo tendr\u00e1n derecho a una prima adicional de un veinticinco por ciento, por lo menos, sobre el salario de los d\u00edas ordinarios de trabajo.<\/p>\n<p style=\"text-align: justify;\">(Antes) Los trabajadores que presten servicio en d\u00eda domingo tendr\u00e1n derecho a una prima adicional de un veinticinco por ciento, por lo menos, sobre el salario de los d\u00edas ordinarios de trabajo.<\/p>\n<p style=\"text-align: justify;\"><strong>Art\u00edculo 132.- &#8230; (Original) Son obligaciones de las personas empleadoras:<\/strong><\/p>\n<ol style=\"text-align: justify;\">\n<li><strong> <\/strong>a <strong>XXXI. &#8230;<\/strong><\/li>\n<\/ol>\n<p style=\"text-align: justify;\"><strong>XXXII. \u00a0\u00a0\u00a0\u00a0\u00a0\u00a0\u00a0\u00a0\u00a0 <\/strong>(Modificado) Fijar y difundir en los lugares de mayor afluencia del centro de trabajo el texto fiel de la convocatoria y dem\u00e1s documentos que le solicite el Centro Federal de Conciliaci\u00f3n y Registro Laboral para el desarrollo del procedimiento de consulta a que hacen referencia los art\u00edculos 390 Bis y 390 Ter;<\/p>\n<p style=\"text-align: justify;\">(Antes) Fijar y difundir en los lugares de mayor afluencia del centro de trabajo el texto fiel de la convocatoria y dem\u00e1s documentos que le solicite el Centro Federal de Conciliaci\u00f3n y Registro Laboral para el desarrollo del procedimiento de consulta a que hacen referencia los art\u00edculos 390 Bis y 390 Ter, y<\/p>\n<p style=\"text-align: justify;\"><strong>XXXIII.\u00a0\u00a0\u00a0\u00a0\u00a0\u00a0\u00a0\u00a0\u00a0\u00a0 <\/strong>(Modificado) Fijar en los lugares de mayor afluencia del centro de trabajo la convocatoria que le solicite el sindicato cuando se consulte a los trabajadores el contenido del contrato colectivo de trabajo inicial o el convenio de revisi\u00f3n, en t\u00e9rminos de los art\u00edculos 390 Ter y 400 Bis, y<\/p>\n<p style=\"text-align: justify;\">(Antes) Fijar en los lugares de mayor afluencia del centro de trabajo la convocatoria que le solicite el sindicato cuando se consulte a los trabajadores el contenido del contrato colectivo de trabajo inicial o el convenio de revisi\u00f3n, en t\u00e9rminos de los art\u00edculos 390 Ter y 400 Bis.<\/p>\n<p style=\"text-align: justify;\"><strong>XXXIV. \u00a0\u00a0\u00a0\u00a0\u00a0\u00a0\u00a0\u00a0 <\/strong>(Fracci\u00f3n nueva) Registrar de manera electr\u00f3nica la jornada laboral de cada persona trabajadora, incluyendo el horario de inicio y finalizaci\u00f3n; as\u00ed como proporcionarlo a la autoridad cuando se le requiera.<\/p>\n<p style=\"text-align: justify;\">La Secretar\u00eda del Trabajo y Previsi\u00f3n Social expedir\u00e1 las disposiciones de car\u00e1cter general que determinen el \u00e1mbito de aplicaci\u00f3n y excepci\u00f3n a la obligaci\u00f3n establecida en el p\u00e1rrafo que antecede.<\/p>\n<p style=\"text-align: justify;\">El contenido del registro electr\u00f3nico har\u00e1 prueba plena si se acredita que fue acordado entre la persona trabajadora y empleadora.<\/p>\n<p style=\"text-align: justify;\"><strong>Art\u00edculo 994.- &#8230; (original) Se impondr\u00e1 multa, por el equivalente a:<\/strong><\/p>\n<ol style=\"text-align: justify;\">\n<li><strong> <\/strong>a<strong> IV. &#8230;<\/strong><\/li>\n<\/ol>\n<p style=\"text-align: justify;\"><strong>IV Bis.\u00a0\u00a0\u00a0\u00a0\u00a0\u00a0\u00a0\u00a0\u00a0 <\/strong>(Modificado) De 250 a 5000 Unidades de Medida y Actualizaci\u00f3n, a la persona empleadora obligada que incumpla con lo dispuesto por la fracci\u00f3n XXXIV del art\u00edculo 132 de esta Ley. (Registrar de manera electr\u00f3nica la jornada laboral de cada persona trabajadora \u2026)<\/p>\n<p style=\"text-align: justify;\">(Antes) De 250 a 5000 Unidades de Medida y Actualizaci\u00f3n, al patr\u00f3n que no cumpla con lo dispuesto por la fracci\u00f3n XV del art\u00edculo 132;<\/p>\n<ol style=\"text-align: justify;\">\n<li><strong> <\/strong>a<strong> VIII. &#8230;<\/strong><\/li>\n<\/ol>\n<p style=\"text-align: justify;\"><span>Transitorios<\/span><\/p>\n<p style=\"text-align: justify;\"><strong><span>Primero. <\/span><\/strong><span>El presente Decreto entrar\u00e1 en vigor el d\u00eda 1 de mayo de 2026.<\/span><\/p>\n<p style=\"text-align: justify;\"><strong><span>Segundo. <\/span><\/strong><span>La duraci\u00f3n de la jornada laboral a que se refiere el art\u00edculo 59 de la Ley Federal del Trabajo se alcanzar\u00e1 de manera gradual, a partir del 1 de enero del a\u00f1o que corresponda, conforme a lo siguiente:<\/span><\/p>\n<table style=\"height: 138px; width: 100%; float: right;\" border=\"4\">\n<tbody>\n<tr style=\"height: 23px;\">\n<td style=\"height: 23px; width: 158.991px;\"><span>A\u00f1o<\/span><\/td>\n<td style=\"height: 23px; width: 158.991px;\">Jornada Laboral<\/td>\n<\/tr>\n<tr style=\"height: 23px;\">\n<td style=\"height: 23px; width: 158.991px;\"><span>2026<\/span><\/td>\n<td style=\"height: 23px; width: 158.991px;\"><span>48<\/span><\/td>\n<\/tr>\n<tr style=\"height: 23px;\">\n<td style=\"height: 23px; width: 158.991px;\"><span>2027<\/span><\/td>\n<td style=\"height: 23px; width: 158.991px;\"><span>46<\/span><\/td>\n<\/tr>\n<tr style=\"height: 23px;\">\n<td style=\"height: 23px; width: 158.991px;\"><span>2028<\/span><\/td>\n<td style=\"height: 23px; width: 158.991px;\"><span>44<\/span><\/td>\n<\/tr>\n<tr style=\"height: 23px;\">\n<td style=\"height: 23px; width: 158.991px;\"><span>2029<\/span><\/td>\n<td style=\"height: 23px; width: 158.991px;\"><span>42<\/span><\/td>\n<\/tr>\n<tr style=\"height: 23px;\">\n<td style=\"height: 23px; width: 158.991px;\"><span>2030<\/span><\/td>\n<td style=\"height: 23px; width: 158.991px;\"><span>40<\/span><\/td>\n<\/tr>\n<\/tbody>\n<\/table>\n<p style=\"text-align: justify;\"><span>\u00a0<\/span><\/p>\n<p style=\"text-align: justify;\"><strong><span>Tercero. <\/span><\/strong><span>El periodo que transcurra del 1 de mayo al 31 de diciembre de 2026 permitir\u00e1 a las personas trabajadoras y empleadoras ajustar los procesos de trabajo a los t\u00e9rminos de este Decreto.<\/span><\/p>\n<p style=\"text-align: justify;\"><strong><span>Cuarto. <\/span><\/strong><span>La duraci\u00f3n de la jornada extraordinaria a que se refiere el art\u00edculo 66 de la Ley Federal del Trabajo se alcanzar\u00e1 de manera gradual, a partir del 1 de enero del a\u00f1o correspondiente, conforme a lo siguiente:<\/span><\/p>\n<table style=\"height: 138px; width: 100%; float: right;\" border=\"4\">\n<tbody>\n<tr style=\"height: 23px;\">\n<td style=\"height: 23px; width: 158.991px;\"><span>A\u00f1o<\/span><\/td>\n<td style=\"height: 23px; width: 158.991px;\">Horas Extras<\/td>\n<\/tr>\n<tr style=\"height: 23px;\">\n<td style=\"height: 23px; width: 158.991px;\"><span>2026<\/span><\/td>\n<td style=\"height: 23px; width: 158.991px;\"><span>9<\/span><\/td>\n<\/tr>\n<tr style=\"height: 23px;\">\n<td style=\"height: 23px; width: 158.991px;\"><span>2027<\/span><\/td>\n<td style=\"height: 23px; width: 158.991px;\"><span>9<\/span><\/td>\n<\/tr>\n<tr style=\"height: 23px;\">\n<td style=\"height: 23px; width: 158.991px;\"><span>2028<\/span><\/td>\n<td style=\"height: 23px; width: 158.991px;\"><span>10<\/span><\/td>\n<\/tr>\n<tr style=\"height: 23px;\">\n<td style=\"height: 23px; width: 158.991px;\"><span>2029<\/span><\/td>\n<td style=\"height: 23px; width: 158.991px;\"><span>11<\/span><\/td>\n<\/tr>\n<tr style=\"height: 23px;\">\n<td style=\"height: 23px; width: 158.991px;\"><span>2030<\/span><\/td>\n<td style=\"height: 23px; width: 158.991px;\"><span>12<\/span><\/td>\n<\/tr>\n<\/tbody>\n<\/table>\n<p style=\"text-align: justify;\"><span>\u00a0<\/span><\/p>\n<p style=\"text-align: justify;\"><strong><span>Quinto. <\/span><\/strong><span>Las disposiciones de car\u00e1cter general a que se refiere la fracci\u00f3n XXXIV del art\u00edculo 132 de la Ley Federal del Trabajo, entrar\u00e1n en vigor a partir del 1 de enero de 2027.<\/span><\/p>\n<p style=\"text-align: justify;\"><strong><span>Sexto. <\/span><\/strong><span>La Secretar\u00eda del Trabajo y Previsi\u00f3n Social instrumentar\u00e1 los mecanismos que correspondan para recopilar, procesar y evaluar datos relacionados con la implementaci\u00f3n de la reducci\u00f3n de la jornada laboral.<\/span><\/p>\n<p style=\"text-align: justify;\"><strong><span>S\u00e9ptimo. <\/span><\/strong><span>En ning\u00fan caso la reducci\u00f3n de la jornada laboral implicar\u00e1 la disminuci\u00f3n de sueldos, salarios o prestaciones de las personas trabajadoras.<\/span><\/p>\n<p style=\"text-align: justify;\">Ciudad de M\u00e9xico, a 22 de abril de 2026.- Sen. Laura Itzel Castillo Ju\u00e1rez, Presidenta.- Dip. Kenia L\u00f3pez Rabad\u00e1n, Presidenta.- Sen. Mar\u00eda Martina Kant\u00fan Can, Secretaria.- Dip. Magdalena del Socorro N\u00fa\u00f1ez Monreal, Secretaria.- R\u00fabricas.<strong><span>\u00ab<\/span><\/strong><\/p>\n<p style=\"text-align: justify;\">En cumplimiento de lo dispuesto por la fracci\u00f3n I del Art\u00edculo 89 de la Constituci\u00f3n Pol\u00edtica de los Estados Unidos Mexicanos, y para su debida publicaci\u00f3n y observancia, expido el presente Decreto en la Residencia del Poder Ejecutivo Federal, en la Ciudad de M\u00e9xico, a 01 de mayo de 2026.- <strong>Claudia Sheinbaum Pardo<\/strong>, Presidenta de los Estados Unidos Mexicanos.- R\u00fabrica.- <span>Lcda.<strong> Rosa Icela Rodr\u00edguez Vel\u00e1zquez<\/strong>, Secretaria de Gobernaci\u00f3n.- R\u00fabrica.<\/span><\/p>\n<p>[\/et_pb_text][\/et_pb_column][\/et_pb_row][\/et_pb_section]<\/p>\n","protected":false},"excerpt":{"rendered":"<p>Viernes 1 de mayo de 2026\u00a0\u00a0\u00a0\u00a0\u00a0\u00a0\u00a0\u00a0\u00a0\u00a0\u00a0\u00a0\u00a0\u00a0\u00a0\u00a0\u00a0\u00a0\u00a0\u00a0\u00a0\u00a0\u00a0\u00a0\u00a0\u00a0\u00a0\u00a0\u00a0\u00a0\u00a0\u00a0\u00a0 DIARIO OFICIAL\u00a0\u00a0\u00a0\u00a0\u00a0\u00a0\u00a0\u00a0\u00a0\u00a0\u00a0\u00a0\u00a0\u00a0\u00a0\u00a0\u00a0\u00a0\u00a0\u00a0\u00a0\u00a0\u00a0\u00a0\u00a0\u00a0\u00a0\u00a0\u00a0\u00a0\u00a0\u00a0\u00a0\u00a0\u00a0\u00a0\u00a0\u00a0\u00a0\u00a0\u00a0\u00a0 (Edici\u00f3n Vespertina) DECRETO por el que se reforman, adicionan y derogan diversas disposiciones de la Ley Federal del Trabajo, en materia de reducci\u00f3n de la jornada laboral. DECRETO \u00abEL CONGRESO GENERAL DE LOS ESTADOS UNIDOS MEXICANOS, D E C R E T A : SE REFORMAN, ADICIONAN [&hellip;]<\/p>\n","protected":false},"author":1,"featured_media":1435,"comment_status":"closed","ping_status":"closed","sticky":false,"template":"","format":"standard","meta":{"_et_pb_use_builder":"on","_et_pb_old_content":"","_et_gb_content_width":"","_jetpack_memberships_contains_paid_content":false,"footnotes":""},"categories":[4],"tags":[],"class_list":["post-1434","post","type-post","status-publish","format-standard","has-post-thumbnail","hentry","category-asesoria-fiscal"],"aioseo_notices":[],"jetpack_featured_media_url":"https:\/\/avilavera.com\/wp-content\/uploads\/2026\/05\/Modificacion-LFT-Registro-Electronico-Jornada-Laboral-01-Mayo-2026.png","jetpack_sharing_enabled":true,"jetpack_likes_enabled":false,"_links":{"self":[{"href":"https:\/\/avilavera.com\/index.php\/wp-json\/wp\/v2\/posts\/1434","targetHints":{"allow":["GET"]}}],"collection":[{"href":"https:\/\/avilavera.com\/index.php\/wp-json\/wp\/v2\/posts"}],"about":[{"href":"https:\/\/avilavera.com\/index.php\/wp-json\/wp\/v2\/types\/post"}],"author":[{"embeddable":true,"href":"https:\/\/avilavera.com\/index.php\/wp-json\/wp\/v2\/users\/1"}],"replies":[{"embeddable":true,"href":"https:\/\/avilavera.com\/index.php\/wp-json\/wp\/v2\/comments?post=1434"}],"version-history":[{"count":7,"href":"https:\/\/avilavera.com\/index.php\/wp-json\/wp\/v2\/posts\/1434\/revisions"}],"predecessor-version":[{"id":1445,"href":"https:\/\/avilavera.com\/index.php\/wp-json\/wp\/v2\/posts\/1434\/revisions\/1445"}],"wp:featuredmedia":[{"embeddable":true,"href":"https:\/\/avilavera.com\/index.php\/wp-json\/wp\/v2\/media\/1435"}],"wp:attachment":[{"href":"https:\/\/avilavera.com\/index.php\/wp-json\/wp\/v2\/media?parent=1434"}],"wp:term":[{"taxonomy":"category","embeddable":true,"href":"https:\/\/avilavera.com\/index.php\/wp-json\/wp\/v2\/categories?post=1434"},{"taxonomy":"post_tag","embeddable":true,"href":"https:\/\/avilavera.com\/index.php\/wp-json\/wp\/v2\/tags?post=1434"}],"curies":[{"name":"wp","href":"https:\/\/api.w.org\/{rel}","templated":true}]}}